{"id":61207,"date":"2020-02-06T15:14:52","date_gmt":"2020-02-06T20:14:52","guid":{"rendered":"https:\/\/getpalliativecare.org\/?p=61207"},"modified":"2020-03-25T08:29:57","modified_gmt":"2020-03-25T12:29:57","slug":"living-well-with-serious-illness-rae-annes-story","status":"publish","type":"post","link":"https:\/\/getpalliativecare.org\/es\/living-well-with-serious-illness-rae-annes-story\/","title":{"rendered":"Vivir bien con una enfermedad grave: la historia de Rae Anne"},"content":{"rendered":"<p><iframe loading=\"lazy\" title=\"Una vida de calidad: la historia de cuidados paliativos de Rae Anne por Get Palliative Care\" width=\"500\" height=\"400\" scrolling=\"no\" frameborder=\"no\" src=\"https:\/\/w.soundcloud.com\/player\/?visual=true&#038;url=https%3A%2F%2Fapi.soundcloud.com%2Ftracks%2F755612959&#038;show_artwork=true&#038;maxheight=750&#038;maxwidth=500\"><\/iframe><\/p>\n<p><span style=\"font-weight: 400;\">Rae Anne estaba en un concierto con amigos cuando encontr\u00f3 un bulto en un lado de su cuello. Preocupada, sali\u00f3 y program\u00f3 varias citas con el m\u00e9dico para determinar qu\u00e9 pod\u00eda ser, ya que no ten\u00eda ning\u00fan otro s\u00edntoma. En el transcurso de unas semanas, el bulto creci\u00f3 y le diagnosticaron c\u00e1ncer de cabeza y cuello en etapa 4.<\/span><\/p>\n<p><span style=\"font-weight: 400;\">Despu\u00e9s de varias rondas de quimioterapia y 35 tratamientos de radiaci\u00f3n, su equipo de oncolog\u00eda le dijo a Rae Anne que deb\u00eda esperar en casa durante 3 meses hasta su pr\u00f3xima exploraci\u00f3n para ver si el tratamiento funcionaba. Mientras viv\u00eda con ansiedad y efectos secundarios del tratamiento, Rae Anne recibi\u00f3 una llamada telef\u00f3nica del equipo de cuidados paliativos del hospital donde recibi\u00f3 tratamiento para programar una cita. Nunca hab\u00eda o\u00eddo hablar de cuidados paliativos y no sab\u00eda qu\u00e9 esperar.\u00a0<\/span><!--more--><\/p>\n<p><b>\u00bfQu\u00e9 son los cuidados paliativos?<\/b><\/p>\n<p><span style=\"font-weight: 400;\">Los cuidados paliativos son atenci\u00f3n m\u00e9dica especializada para personas que viven con una enfermedad grave. Este tipo de atenci\u00f3n se centra en brindar alivio a los s\u00edntomas y el estr\u00e9s de la enfermedad. El objetivo es mejorar la calidad de vida tanto del paciente como de la familia. Los cuidados paliativos los brinda un equipo especialmente capacitado de m\u00e9dicos, enfermeras y otros especialistas que trabajan junto con otros m\u00e9dicos del paciente para brindar un nivel adicional de apoyo. Es apropiado a cualquier edad y en cualquier etapa de una enfermedad grave y puede administrarse junto con un tratamiento curativo.\u00a0<\/span><\/p>\n<p><b>Los cuidados paliativos cambiaron la vida de Rae Anne<\/b><span style=\"font-weight: 400;\"><br \/>\n<\/span><span style=\"font-weight: 400;\"><br \/>\n<\/span><span style=\"font-weight: 400;\">En su primera cita con el equipo de cuidados paliativos, Rae Anne se sinti\u00f3 apoyada. La saludaron calurosamente y le preguntaron c\u00f3mo se sent\u00eda y c\u00f3mo afrontaba los s\u00edntomas y efectos secundarios de su tratamiento. En ese momento, ella no sab\u00eda qu\u00e9 se consideraba \u201cnormal\u201d o qu\u00e9 deb\u00eda esperar acerca de sus s\u00edntomas. El equipo pas\u00f3 m\u00e1s de una hora con Rae Anne y su familia, respondiendo preguntas y discutiendo qu\u00e9 era &quot;normal&quot;.\u00a0<\/span><\/p>\n<p><span style=\"font-weight: 400;\">Rae Anne recuerda: \u201cLlegaron los cuidados paliativos y me brindaron el control que necesitaba y la tranquilidad de saber que alguien estaba all\u00ed si ten\u00eda alguna pregunta\u201d.<\/span><\/p>\n<p><span style=\"font-weight: 400;\">Ella contin\u00faa diciendo: \u201cMientras el equipo de oncolog\u00eda estaba all\u00ed para curar el c\u00e1ncer con conversaciones r\u00e1pidas y met\u00f3dicas, el equipo de cuidados paliativos me pregunt\u00f3 c\u00f3mo me sent\u00eda, qu\u00e9 estaba pasando, ayud\u00e1ndome y gui\u00e1ndome a trav\u00e9s de los s\u00edntomas f\u00edsicos y emocionales. Me hicieron sugerencias y me permitieron sentir que lo que estaba pasando era normal y que hab\u00eda un final a la vista\u201d.\u00a0<\/span><\/p>\n<p><span style=\"font-weight: 400;\">El equipo de cuidados paliativos no solo brind\u00f3 apoyo a Rae Anne, sino que tambi\u00e9n estuvo ah\u00ed para su familia, lo cual era importante para ella. Si sus hijos o su hermana ten\u00edan alguna pregunta o necesitaban apoyo de alguna manera, el equipo estaba a solo una llamada de distancia.\u00a0\u00a0<\/span><\/p>\n<p><span style=\"font-weight: 400;\">&quot;Los cuidados paliativos fueron la parte m\u00e1s valiosa del tratamiento porque me permitieron sentir que iba a sentirme mejor otra vez&quot;.<\/span><\/p>\n<p><span style=\"font-weight: 400;\">Rae Anne espera que su historia inspire a las personas que viven con una enfermedad grave y a sus familias a buscar cuidados paliativos lo antes posible. Est\u00e1 agradecida de que el equipo la haya llamado cuando lo hizo, ya que ha podido volver a su vida cotidiana con sus hijos y dirigir felizmente su organizaci\u00f3n sin fines de lucro. <\/span><a href=\"https:\/\/kidsinseats.org\/\"><span style=\"font-weight: 400;\">Ni\u00f1os en asientos<\/span><\/a><span style=\"font-weight: 400;\">.\u00a0<\/span><\/p>\n<p><a href=\"https:\/\/getpalliativecare.org\/es\/whatis\/disease-types\/cancer-palliative-care\/\"><span style=\"font-weight: 400;\">Aprende m\u00e1s<\/span><\/a><span style=\"font-weight: 400;\"> sobre c\u00f3mo los cuidados paliativos pueden ayudar a alguien que vive con c\u00e1ncer. O, para descubrir c\u00f3mo usted o un ser querido pueden beneficiarse de los cuidados paliativos, independientemente de la enfermedad, visite getpalliativecare.org\/rightforyou.\u00a0<\/span><\/p>","protected":false},"excerpt":{"rendered":"<p>Rae Anne estaba en un concierto con amigos cuando encontr\u00f3 un bulto en un lado de su cuello. Preocupada, sali\u00f3 y program\u00f3 varias citas con el m\u00e9dico para determinar qu\u00e9 pod\u00eda ser, ya que no ten\u00eda ning\u00fan otro s\u00edntoma. En el transcurso de unas semanas, el bulto creci\u00f3 y le diagnosticaron... <\/p>","protected":false},"author":12,"featured_media":0,"comment_status":"closed","ping_status":"closed","sticky":false,"template":"","format":"standard","meta":{"_acf_changed":false,"footnotes":""},"categories":[1,5156],"tags":[5154,5289,5427,5428,1756,5290],"class_list":["post-61207","post","type-post","status-publish","format-standard","hentry","category-articles","category-podcasts","tag-benefits-of-palliative-care","tag-chemotherapy","tag-head-and-neck-cancer","tag-palliative-care-and-cancer","tag-quality-of-life","tag-radiation"],"acf":[],"yoast_head":"<!-- This site is optimized with the Yoast SEO plugin v26.6 - https:\/\/yoast.com\/wordpress\/plugins\/seo\/ -->\n<title>Living Well with Serious Illness | Palliative Care Story | Get Palliative Care<\/title>\n<meta name=\"description\" content=\"Rae Anne tells her palliative care story about living well with serious illness and providing relief from the symptoms and stress of the illness.\" \/>\n<meta name=\"robots\" content=\"index, follow, max-snippet:-1, max-image-preview:large, max-video-preview:-1\" \/>\n<link rel=\"canonical\" href=\"https:\/\/getpalliativecare.org\/es\/living-well-with-serious-illness-rae-annes-story\/\" \/>\n<meta name=\"twitter:card\" content=\"summary_large_image\" \/>\n<meta name=\"twitter:title\" content=\"Living Well with Serious Illness | Palliative Care Story | Get Palliative Care\" \/>\n<meta name=\"twitter:description\" content=\"Rae Anne tells her palliative care story about living well with serious illness and providing relief from the symptoms and stress of the illness.\" \/>\n<meta name=\"twitter:creator\" content=\"@getpalliative\" \/>\n<meta name=\"twitter:site\" content=\"@GetPalliative\" \/>\n<meta name=\"twitter:label1\" content=\"Escrito por\" \/>\n\t<meta name=\"twitter:data1\" content=\"GetPalliativeCare.org\" \/>\n\t<meta name=\"twitter:label2\" content=\"Tiempo de lectura\" \/>\n\t<meta name=\"twitter:data2\" content=\"3 minutos\" \/>\n<script type=\"application\/ld+json\" class=\"yoast-schema-graph\">{\"@context\":\"https:\/\/schema.org\",\"@graph\":[{\"@type\":\"WebPage\",\"@id\":\"https:\/\/getpalliativecare.org\/living-well-with-serious-illness-rae-annes-story\/\",\"url\":\"https:\/\/getpalliativecare.org\/living-well-with-serious-illness-rae-annes-story\/\",\"name\":\"Living Well with Serious Illness | Palliative Care Story | Get Palliative Care\",\"isPartOf\":{\"@id\":\"https:\/\/getpalliativecare.org\/#website\"},\"datePublished\":\"2020-02-06T20:14:52+00:00\",\"dateModified\":\"2020-03-25T12:29:57+00:00\",\"author\":{\"@id\":\"https:\/\/getpalliativecare.org\/#\/schema\/person\/c4297d00abd1da0cb80af0537653e7e7\"},\"description\":\"Rae Anne tells her palliative care story about living well with serious illness and providing relief from the symptoms and stress of the illness.\",\"inLanguage\":\"es\",\"potentialAction\":[{\"@type\":\"ReadAction\",\"target\":[\"https:\/\/getpalliativecare.org\/living-well-with-serious-illness-rae-annes-story\/\"]}]},{\"@type\":\"WebSite\",\"@id\":\"https:\/\/getpalliativecare.org\/#website\",\"url\":\"https:\/\/getpalliativecare.org\/\",\"name\":\"Get Palliative Care\",\"description\":\"Palliative care is specialized care focused on the pain, symptoms and stress of serious illness.  Find a hospital or medical center in your area that has a palliative care program.\",\"potentialAction\":[{\"@type\":\"SearchAction\",\"target\":{\"@type\":\"EntryPoint\",\"urlTemplate\":\"https:\/\/getpalliativecare.org\/?s={search_term_string}\"},\"query-input\":{\"@type\":\"PropertyValueSpecification\",\"valueRequired\":true,\"valueName\":\"search_term_string\"}}],\"inLanguage\":\"es\"},{\"@type\":\"Person\",\"@id\":\"https:\/\/getpalliativecare.org\/#\/schema\/person\/c4297d00abd1da0cb80af0537653e7e7\",\"name\":\"GetPalliativeCare.org\",\"image\":{\"@type\":\"ImageObject\",\"inLanguage\":\"es\",\"@id\":\"https:\/\/getpalliativecare.org\/#\/schema\/person\/image\/\",\"url\":\"https:\/\/secure.gravatar.com\/avatar\/e201fece73c28212a5b39cf5dac7bbebc8ca75fbb541209a15e1d872a86776c6?s=96&d=identicon&r=g\",\"contentUrl\":\"https:\/\/secure.gravatar.com\/avatar\/e201fece73c28212a5b39cf5dac7bbebc8ca75fbb541209a15e1d872a86776c6?s=96&d=identicon&r=g\",\"caption\":\"GetPalliativeCare.org\"},\"description\":\"GetPalliativecCare.org provides clear, comprehensive palliative care information for patients and families living with serious illness.\",\"sameAs\":[\"https:\/\/www.facebook.com\/getpalliativecare\",\"https:\/\/x.com\/getpalliative\"],\"url\":\"https:\/\/getpalliativecare.org\/es\/author\/capc212\/\"}]}<\/script>\n<!-- \/ Yoast SEO plugin. -->","yoast_head_json":{"title":"Vivir bien con una enfermedad grave | Historia de cuidados paliativos | Reciba cuidados paliativos","description":"Rae Anne cuenta su historia de cuidados paliativos sobre c\u00f3mo vivir bien con una enfermedad grave y brindar alivio de los s\u00edntomas y el estr\u00e9s de la enfermedad.","robots":{"index":"index","follow":"follow","max-snippet":"max-snippet:-1","max-image-preview":"max-image-preview:large","max-video-preview":"max-video-preview:-1"},"canonical":"https:\/\/getpalliativecare.org\/es\/living-well-with-serious-illness-rae-annes-story\/","twitter_card":"summary_large_image","twitter_title":"Living Well with Serious Illness | Palliative Care Story | Get Palliative Care","twitter_description":"Rae Anne tells her palliative care story about living well with serious illness and providing relief from the symptoms and stress of the illness.","twitter_creator":"@getpalliative","twitter_site":"@GetPalliative","twitter_misc":{"Escrito por":"GetPalliativeCare.org","Tiempo de lectura":"3 minutos"},"schema":{"@context":"https:\/\/schema.org","@graph":[{"@type":"WebPage","@id":"https:\/\/getpalliativecare.org\/living-well-with-serious-illness-rae-annes-story\/","url":"https:\/\/getpalliativecare.org\/living-well-with-serious-illness-rae-annes-story\/","name":"Vivir bien con una enfermedad grave | Historia de cuidados paliativos | Reciba cuidados paliativos","isPartOf":{"@id":"https:\/\/getpalliativecare.org\/#website"},"datePublished":"2020-02-06T20:14:52+00:00","dateModified":"2020-03-25T12:29:57+00:00","author":{"@id":"https:\/\/getpalliativecare.org\/#\/schema\/person\/c4297d00abd1da0cb80af0537653e7e7"},"description":"Rae Anne cuenta su historia de cuidados paliativos sobre c\u00f3mo vivir bien con una enfermedad grave y brindar alivio de los s\u00edntomas y el estr\u00e9s de la enfermedad.","inLanguage":"es","potentialAction":[{"@type":"ReadAction","target":["https:\/\/getpalliativecare.org\/living-well-with-serious-illness-rae-annes-story\/"]}]},{"@type":"WebSite","@id":"https:\/\/getpalliativecare.org\/#website","url":"https:\/\/getpalliativecare.org\/","name":"Obtenga cuidados paliativos","description":"Los cuidados paliativos son cuidados especializados centrados en el dolor, los s\u00edntomas y el estr\u00e9s de una enfermedad grave. Encuentre un hospital o centro m\u00e9dico en su \u00e1rea que tenga un programa de cuidados paliativos.","potentialAction":[{"@type":"SearchAction","target":{"@type":"EntryPoint","urlTemplate":"https:\/\/getpalliativecare.org\/?s={search_term_string}"},"query-input":{"@type":"PropertyValueSpecification","valueRequired":true,"valueName":"search_term_string"}}],"inLanguage":"es"},{"@type":"Person","@id":"https:\/\/getpalliativecare.org\/#\/schema\/person\/c4297d00abd1da0cb80af0537653e7e7","name":"ObtengaCuidadosPaliativos.org","image":{"@type":"ImageObject","inLanguage":"es","@id":"https:\/\/getpalliativecare.org\/#\/schema\/person\/image\/","url":"https:\/\/secure.gravatar.com\/avatar\/e201fece73c28212a5b39cf5dac7bbebc8ca75fbb541209a15e1d872a86776c6?s=96&d=identicon&r=g","contentUrl":"https:\/\/secure.gravatar.com\/avatar\/e201fece73c28212a5b39cf5dac7bbebc8ca75fbb541209a15e1d872a86776c6?s=96&d=identicon&r=g","caption":"GetPalliativeCare.org"},"description":"GetPalliativecCare.org ofrece informaci\u00f3n clara y completa sobre cuidados paliativos para pacientes y familias que viven con enfermedades graves.","sameAs":["https:\/\/www.facebook.com\/getpalliativecare","https:\/\/x.com\/getpalliative"],"url":"https:\/\/getpalliativecare.org\/es\/author\/capc212\/"}]}},"_links":{"self":[{"href":"https:\/\/getpalliativecare.org\/es\/wp-json\/wp\/v2\/posts\/61207","targetHints":{"allow":["GET"]}}],"collection":[{"href":"https:\/\/getpalliativecare.org\/es\/wp-json\/wp\/v2\/posts"}],"about":[{"href":"https:\/\/getpalliativecare.org\/es\/wp-json\/wp\/v2\/types\/post"}],"author":[{"embeddable":true,"href":"https:\/\/getpalliativecare.org\/es\/wp-json\/wp\/v2\/users\/12"}],"replies":[{"embeddable":true,"href":"https:\/\/getpalliativecare.org\/es\/wp-json\/wp\/v2\/comments?post=61207"}],"version-history":[{"count":0,"href":"https:\/\/getpalliativecare.org\/es\/wp-json\/wp\/v2\/posts\/61207\/revisions"}],"wp:attachment":[{"href":"https:\/\/getpalliativecare.org\/es\/wp-json\/wp\/v2\/media?parent=61207"}],"wp:term":[{"taxonomy":"category","embeddable":true,"href":"https:\/\/getpalliativecare.org\/es\/wp-json\/wp\/v2\/categories?post=61207"},{"taxonomy":"post_tag","embeddable":true,"href":"https:\/\/getpalliativecare.org\/es\/wp-json\/wp\/v2\/tags?post=61207"}],"curies":[{"name":"gracias","href":"https:\/\/api.w.org\/{rel}","templated":true}]}}